{"id":11949,"date":"2019-11-06T16:49:44","date_gmt":"2019-11-06T16:49:44","guid":{"rendered":"http:\/\/biohairclinic.com\/it\/?p=11949"},"modified":"2020-07-08T13:58:17","modified_gmt":"2020-07-08T13:58:17","slug":"cappello-o-capello","status":"publish","type":"post","link":"https:\/\/biohairclinic.com\/it\/cappello-o-capello\/","title":{"rendered":"Cappello o Capello?"},"content":{"rendered":"<p>Usato adeguatamente il cappello pu\u00f2 essere un importante accessorio estetico ed \u00e8 anche l\u2019asso nella manica di chi desidera nascondere i primi cenni di calvizie. Inoltre, alcune persone sostengono addirittura che il copricapo potrebbe essere all\u2019origine della caduta dei capelli. Ma \u00e8 una diceria o vi \u00e8 un fondo di verit\u00e1? Lo scopriremo in questo articolo, che vuole comunque comunicare questo importante messaggio: meglio avere cura del capello prima di portare un cappello.<\/p>\n<p><strong style=\"font-size: 20px;color: #0082ce\">Breve indice di questo articolo<\/strong><\/p>\n<hr style=\"border-width: 3px;border-color: #0082ce\">\n<p><strong style=\"color: #006ba4\">\u27a8&nbsp;&nbsp;<\/strong><a href=\"#Cappello\">Cappello causa di calvizie: \u00e8 una diceria?<\/a><br \/>\n<strong style=\"color: #006ba4\">\u27a8&nbsp;<\/strong><a href=\"#Il-cappello\">Il cappello fa cadere i capelli?<\/a><br \/>\n<strong style=\"color: #006ba4\">\u27a8&nbsp;<\/strong><a href=\"#Stress-meccanico\">Stress meccanico<\/a><br \/>\n<strong style=\"color: #006ba4\">\u27a8&nbsp;<\/strong><a href=\"#Problemi-di-traspirazione\">Problemi di traspirazione<\/a><br \/>\n<strong style=\"color: #006ba4\">\u27a8&nbsp;<\/strong><a href=\"#Capello-e-cappello\">Capello e cappello: quando usare e quando no<\/a><br \/>\n<strong style=\"color: #006ba4\">\u27a8&nbsp;<\/strong><a href=\"#Cappello-istruzioni\">Cappello: istruzioni per l\u2019uso<\/a><br \/>\n<strong style=\"color: #006ba4\">\u27a8&nbsp;<\/strong><a href=\"#Cera-e-gel\">Cera e gel: come un cappello?<\/a><br \/>\n<strong style=\"color: #006ba4\">\u27a8&nbsp;<\/strong><a href=\"#Quando-il-gel-va-bene\">Quando il gel va bene<\/a><br \/>\n<strong style=\"color: #006ba4\">\u27a8&nbsp;<\/strong><a href=\"#Quando-il-Gel\">Quando il Gel va evitato<\/a><br \/>\n<strong style=\"color: #006ba4\">\u27a8&nbsp;<\/strong><a href=\"#conclusione\">In conclusione: capello o cappello?<\/a><\/p>\n<h2>Cappello causa di calvizie: \u00e8 una diceria?<\/h2>\n<p>Questa diceria, secondo la quale il cappello fa cadere i capelli, va accolta con una giusta dose di scetticismo: \u00e8 una tesi che non trova largo consenso dentro la comunit\u00e0 scientifica poich\u00e9 \u00e9 basata su una correlazione decisamente troppo estrema.<\/p>\n<p>Tuttavia, questo nesso esiste e va riportato in nome di un\u2019informazione corretta e completa; in certe condizioni il cappello pu\u00f2 infatti causare un aggravamento della salute dei capelli.<\/p>\n<p>In questo articolo esploreremo insieme il suo ruolo nel contesto della cura della chioma e della cute, approfondiremo quali sono le possibili argomentazioni a favore di questa diceria sui cappelli e scopriremo quali altri prodotti e quali indumenti sono pi\u00f9 adatti per proteggere chiome fragili.<\/p>\n<h2 id=\"Il-cappello\">Il cappello fa cadere i capelli?<\/h2>\n<p>Detto brevemente: no. Il ruolo svolto dal cappello nello sviluppo di problemi legati alla calvizie \u00e8 troppo marginale per essere considerato un fattore critico. Resta comunque vero che il copricapo possiede propriet\u00e0 isolanti al pari degli altri indumenti.<\/p>\n<p>Per questa ragione l\u2019accessorio pu\u00f2 avere un effetto sia benefico che nocivo: da un lato pu\u00f2 infatti proteggere una cute sensibile dall\u2019azione aggressiva dei raggi solari, del vento, della pioggia, dall\u2019altro lato porta ad altri svantaggi.<\/p>\n<p>I problemi principali sono quelli relativi allo \u201cstress da tiro\u201d o \u201cstress meccanico\u201d e quelli relativi alla \u201ctraspirazione della cute\u201d.<\/p>\n<h3 id=\"Stress-meccanico\">Stress meccanico<\/h3>\n<p>Cos\u00ec com\u2019\u00e8 sbagliato giocherellare e tormentare i propri capelli con le mani, anche i cappelli applicano pressione e li piegano in posizioni scomode e poco salutari, spesso tirandoli e quindi applicando una moderata dose di stress sulla chioma che a lungo andare pu\u00f2 intaccare la salute strutturale del capello.<\/p>\n<h3 id=\"Problemi-di-traspirazione\">Problemi di traspirazione<\/h3>\n<p>La pelle ha bisogno di respirare, questo processo serve a favorire una buona circolazione sanguinea e a espellere sostanze nocive; inoltre il nostro cuoio capelluto produce quantit\u00e0 di sebo che servono a proteggere i capelli e ad impermeabilizzarli.<\/p>\n<p>Per questa ragione, un cappello spesso e pesante, pu\u00f2 ostacolare questo processo: la pelle non \u00e8 pi\u00f9 in condizione di respirare adeguatamente e il sebo rischia di accumularsi in quantit\u00e0 eccessive contribuendo a causare il soffocamento della cute e dei bulbi.<\/p>\n<p>Un discorso analogo pu\u00f2 essere fatto per cappelli pi\u00f9 leggeri qualora venissero indossati per troppe ore al giorno.<\/p>\n<p><img loading=\"lazy\" decoding=\"async\" src=\"https:\/\/biohairclinic.com\/it\/wp-content\/uploads\/sites\/3\/2019\/11\/cappello-o-capello-quando-il-copricapo-\u00e9-stretto.jpg\" width=\"838\" height=\"558\" alt=\"cappello o capello quando il copricapo \u00e9 stretto\" class=\"wp-image-11960 alignnone size-full\" srcset=\"https:\/\/biohairclinic.com\/it\/wp-content\/uploads\/sites\/3\/2019\/11\/cappello-o-capello-quando-il-copricapo-\u00e9-stretto.jpg 838w, https:\/\/biohairclinic.com\/it\/wp-content\/uploads\/sites\/3\/2019\/11\/cappello-o-capello-quando-il-copricapo-\u00e9-stretto-300x200.jpg 300w, https:\/\/biohairclinic.com\/it\/wp-content\/uploads\/sites\/3\/2019\/11\/cappello-o-capello-quando-il-copricapo-\u00e9-stretto-768x511.jpg 768w, https:\/\/biohairclinic.com\/it\/wp-content\/uploads\/sites\/3\/2019\/11\/cappello-o-capello-quando-il-copricapo-\u00e9-stretto-480x320.jpg 480w\" sizes=\"auto, (max-width: 838px) 100vw, 838px\" \/><\/p>\n<h2 id=\"Capello-e-cappello\">Capello e cappello: quando usare e quando no<\/h2>\n<p>Fatta la premessa, abbiamo detto che il ruolo del cappello non \u00e8 cos\u00ec cruciale nella lotta alla calvizie.<\/p>\n<p>Innanzitutto il copricapo \u00e8 un accessorio che viene usato sporadicamente, soprattutto nei mesi invernali e inoltre i suoi effetti negativi non sono cos\u00ed incisivi da compromettere una chioma solida.<\/p>\n<p>Nel contesto di una situazione non ottimale, per\u00f2, ogni fattore negativo in pi\u00f9 pu\u00f2 accelerare il processo di caduta o rallentare quello di guarigione. Insomma, l\u2019uso poco cauto del cappello pu\u00f2 essere praticato solo da chi possiede una chioma folta e resistente.<\/p>\n<p>Per chi invece mostrasse gi\u00e0 accenni di alopecia o di problemi dermatologici, \u00e8 bene iniziare a moderare l\u2019uso del copricapo.<\/p>\n<h2 id=\"Cappello-istruzioni\">Cappello: istruzioni per l\u2019uso<\/h2>\n<p>Ora che conosciamo l\u2019origine e la tipologia di problemi legate al cappello, \u00e8 bene premunirsi ricorrendo ad accessori pi\u00f9 leggeri e larghi.<\/p>\n<p>Il cappello da pescatore, adoperato canonicamente dopo il <a href=\"https:\/\/biohairclinic.com\/it\/bio-fue-tecnica\/\"><strong>trapianto di capelli FUE<\/strong><\/a>, \u00e8 un perfetto esempio di berretto adatto a cuti sensibili. Altri cappelli dovrebbero essere creati con materiali leggeri, come il cotone, capaci di applicare minor pressione e di facilitare la traspirazione.<\/p>\n<p>In questo modo andiamo a limitare i possibili ostacoli alla circolazione e all\u2019aerazione della cute.<\/p>\n<p>Sarebbe meglio inoltre rimuovere il copricapo ogniqualvolta sia possibile cercando di lasciar riposare i capelli per dieci minuti per ogni ora di utilizzo del copricapo. Durante queste pause, consigliamo anche di riposizionare dolcemente i capelli schiacciati in modo da restituirgli una posa pi\u00f9 naturale.<\/p>\n<p><img loading=\"lazy\" decoding=\"async\" src=\"https:\/\/biohairclinic.com\/it\/wp-content\/uploads\/sites\/3\/2019\/11\/cappello-o-capello-con-il-gel.jpg\" width=\"838\" height=\"576\" alt=\"cappello o capello con il gel\" class=\"wp-image-11958 alignnone size-full\" srcset=\"https:\/\/biohairclinic.com\/it\/wp-content\/uploads\/sites\/3\/2019\/11\/cappello-o-capello-con-il-gel.jpg 838w, https:\/\/biohairclinic.com\/it\/wp-content\/uploads\/sites\/3\/2019\/11\/cappello-o-capello-con-il-gel-300x206.jpg 300w, https:\/\/biohairclinic.com\/it\/wp-content\/uploads\/sites\/3\/2019\/11\/cappello-o-capello-con-il-gel-768x528.jpg 768w, https:\/\/biohairclinic.com\/it\/wp-content\/uploads\/sites\/3\/2019\/11\/cappello-o-capello-con-il-gel-480x330.jpg 480w\" sizes=\"auto, (max-width: 838px) 100vw, 838px\" \/><\/p>\n<h2 id=\"Cera-e-gel\">Cera e gel: come un cappello?<\/h2>\n<p>I prodotti cosmetici definiti impropriamente \u201cper la cura dei capelli\u201d possono portare a conseguenze analoghe, se non peggiori, quando vengono adoperati scorrettamente.<\/p>\n<p>Questi prodotti non sono di per s\u00e9 nocivi, in quanto agiscono esternamente al capello, ma possono diventarlo qualora fossero presenti in quantit\u00e0 eccessive sul cuoio capelluto.<\/p>\n<p>La maggior parte delle cere e dei gel, infatti, non sono idrosolubili e tendono a resistere ai lavaggi. Cos\u00ec facendo, similmente a un cappello, rischiano di soffocare la respirazione della cute, portando a fenomeni di irritazione, forfora e caduta.<\/p>\n<h3 id=\"Quando-il-gel-va-bene\">Quando il gel va bene<\/h3>\n<p>Gel, cere ed altri prodotti fissanti possono essere fondamentali nella cura quotidiana del look. Per evitare inconvenienti sarebbe meglio innanzitutto adoperare prodotti di qualit\u00e0 che poi andranno applicati sui capelli umidi, non asciutti, per prevenire eccessiva secchezza.<\/p>\n<p>I capelli medio &#8211; lunghi rendono pi\u00f9 difficile la formazione di depositi di prodotto.<\/p>\n<p><strong>Il lavaggio \u00e8 una fase cruciale.<\/strong><\/p>\n<p>Un lavaggio adeguato richiede pazienza: \u00e8 consigliato usare acqua tiepida associata ad uno shampoo specifico per rimuovere i residui grassi. Spesso \u00e8 meglio lavare i capelli due volte, ma bisogna stare attenti in questo caso a dosare lo shampoo in quanto anche questo prodotto indebolisce la cute e potrebbe causarne la secchezza.<\/p>\n<p>Come sempre le migliori garanzie provengono dalle scelte professionali e dal loro utilizzo moderato: utilizzare saltuariamente i prodotti per capelli, dosandone attentamente la quantit\u00e1, pu\u00f2 fare la differenza.<\/p>\n<h3 id=\"Quando-il-Gel\">Quando il Gel va evitato<\/h3>\n<p>Nel caso di capelli corti e medio-corti sarebbe meglio adoperare sistemi alternativi per ottenere la piega desiderata: in questi casi \u00e8 molto facile che parte della sostanza finisca ad ostruire i pori della pelle.<\/p>\n<p>In presenza di elevati tassi di caduta, pruriti o altri fenomeni che possono lasciare intendere un peggioramento della salute dello scalpo, \u00e8 meglio rinunciare interamente al loro utilizzo.<\/p>\n<h2 id=\"conclusione\">In conclusione: capello o cappello?<\/h2>\n<p>Ora sappiamo quanto e come le sostanze per la cura del capello e, per analogia, i cappelli, possono influire sulla salute dei nostri capelli.<\/p>\n<p>Un resoconto agrodolce che, se da una parte promette miglioramenti tramite un utilizzo pi\u00f9 dosato ed attento degli accessori e dei prodotti per la cura del look, dall\u2019altra non pu\u00f2 annunciare miracoli: quando la caduta dei capelli \u00e8 cronica, l\u2019unica vera soluzione risiede nella chirurgia, in un <a href=\"https:\/\/biohairclinic.com\/it\/trapianto-capelli-dhi\/\"><strong>trapianto di capelli DHI<\/strong><\/a>, FUE o tecniche simili, ormai sviluppate ad altissimi livelli dalla ricerca scientifica e portati ad altissimi livelli.<\/p>\n","protected":false},"excerpt":{"rendered":"<p>Usato adeguatamente il cappello pu\u00f2 essere un importante accessorio estetico ed \u00e8 anche l\u2019asso nella manica di chi desidera nascondere i primi cenni di calvizie. Inoltre, alcune persone sostengono addirittura che il copricapo potrebbe essere all\u2019origine della caduta dei capelli. Ma \u00e8 una diceria o vi \u00e8 un fondo di verit\u00e1? Lo scopriremo in questo [&hellip;]<\/p>\n","protected":false},"author":13,"featured_media":11959,"comment_status":"open","ping_status":"open","sticky":false,"template":"inner-pages\/bio-single-blog-it.php","format":"standard","meta":{"_acf_changed":false,"inline_featured_image":false,"footnotes":""},"categories":[32],"tags":[],"class_list":["post-11949","post","type-post","status-publish","format-standard","has-post-thumbnail","hentry","category-caduta-capelli"],"acf":[],"yoast_head":"<!-- This site is optimized with the Yoast SEO Premium plugin v27.3 (Yoast SEO v27.4) - https:\/\/yoast.com\/product\/yoast-seo-premium-wordpress\/ -->\n<title>Cappello o capello: portare il cappello causa la calvizie?<\/title>\n<meta name=\"description\" content=\"Portare il cappello causa la calvizie? Mito o realt\u00e0? Bisogna scegliere tra capello o cappello, oppure i copricapo non causa problemi alla chioma? Leggi qui\" \/>\n<meta name=\"robots\" content=\"index, follow, max-snippet:-1, max-image-preview:large, max-video-preview:-1\" \/>\n<link rel=\"canonical\" href=\"https:\/\/biohairclinic.com\/it\/cappello-o-capello\/\" \/>\n<meta property=\"og:locale\" content=\"it_IT\" \/>\n<meta property=\"og:type\" content=\"article\" \/>\n<meta property=\"og:title\" content=\"Cappello o Capello?\" \/>\n<meta property=\"og:description\" content=\"Portare il cappello causa la calvizie? Mito o realt\u00e0? Bisogna scegliere tra capello o cappello, oppure i copricapo non causa problemi alla chioma? Leggi qui\" \/>\n<meta property=\"og:url\" content=\"https:\/\/biohairclinic.com\/it\/cappello-o-capello\/\" \/>\n<meta property=\"og:site_name\" content=\"Trapianto Capelli Turchia Prezzi\" \/>\n<meta property=\"article:published_time\" content=\"2019-11-06T16:49:44+00:00\" \/>\n<meta property=\"article:modified_time\" content=\"2020-07-08T13:58:17+00:00\" \/>\n<meta property=\"og:image\" content=\"https:\/\/biohairclinic.com\/it\/wp-content\/uploads\/sites\/3\/2019\/11\/Cappello-o-capello-laccessorio-causa-calvizie.jpg\" \/>\n\t<meta property=\"og:image:width\" content=\"838\" \/>\n\t<meta property=\"og:image:height\" content=\"538\" \/>\n\t<meta property=\"og:image:type\" content=\"image\/jpeg\" \/>\n<meta name=\"twitter:card\" content=\"summary_large_image\" \/>\n<meta name=\"twitter:label1\" content=\"Written by\" \/>\n\t<meta name=\"twitter:data1\" content=\"\" \/>\n\t<meta name=\"twitter:label2\" content=\"Est. reading time\" \/>\n\t<meta name=\"twitter:data2\" content=\"6 minutes\" \/>\n<script type=\"application\/ld+json\" class=\"yoast-schema-graph\">{\"@context\":\"https:\\\/\\\/schema.org\",\"@graph\":[{\"@type\":\"Article\",\"@id\":\"https:\\\/\\\/biohairclinic.com\\\/it\\\/cappello-o-capello\\\/#article\",\"isPartOf\":{\"@id\":\"https:\\\/\\\/biohairclinic.com\\\/it\\\/cappello-o-capello\\\/\"},\"author\":{\"name\":\"\",\"@id\":\"\"},\"headline\":\"Cappello o Capello?\",\"datePublished\":\"2019-11-06T16:49:44+00:00\",\"dateModified\":\"2020-07-08T13:58:17+00:00\",\"mainEntityOfPage\":{\"@id\":\"https:\\\/\\\/biohairclinic.com\\\/it\\\/cappello-o-capello\\\/\"},\"wordCount\":1152,\"commentCount\":0,\"image\":{\"@id\":\"https:\\\/\\\/biohairclinic.com\\\/it\\\/cappello-o-capello\\\/#primaryimage\"},\"thumbnailUrl\":\"https:\\\/\\\/biohairclinic.com\\\/it\\\/wp-content\\\/uploads\\\/sites\\\/3\\\/2019\\\/11\\\/Cappello-o-capello-laccessorio-causa-calvizie.jpg\",\"articleSection\":[\"Caduta Capelli\"],\"inLanguage\":\"it-IT\",\"potentialAction\":[{\"@type\":\"CommentAction\",\"name\":\"Comment\",\"target\":[\"https:\\\/\\\/biohairclinic.com\\\/it\\\/cappello-o-capello\\\/#respond\"]}]},{\"@type\":\"WebPage\",\"@id\":\"https:\\\/\\\/biohairclinic.com\\\/it\\\/cappello-o-capello\\\/\",\"url\":\"https:\\\/\\\/biohairclinic.com\\\/it\\\/cappello-o-capello\\\/\",\"name\":\"Cappello o capello: portare il cappello causa la calvizie?\",\"isPartOf\":{\"@id\":\"https:\\\/\\\/biohairclinic.com\\\/it\\\/#website\"},\"primaryImageOfPage\":{\"@id\":\"https:\\\/\\\/biohairclinic.com\\\/it\\\/cappello-o-capello\\\/#primaryimage\"},\"image\":{\"@id\":\"https:\\\/\\\/biohairclinic.com\\\/it\\\/cappello-o-capello\\\/#primaryimage\"},\"thumbnailUrl\":\"https:\\\/\\\/biohairclinic.com\\\/it\\\/wp-content\\\/uploads\\\/sites\\\/3\\\/2019\\\/11\\\/Cappello-o-capello-laccessorio-causa-calvizie.jpg\",\"datePublished\":\"2019-11-06T16:49:44+00:00\",\"dateModified\":\"2020-07-08T13:58:17+00:00\",\"author\":{\"@id\":\"\"},\"description\":\"Portare il cappello causa la calvizie? Mito o realt\u00e0? Bisogna scegliere tra capello o cappello, oppure i copricapo non causa problemi alla chioma? Leggi qui\",\"breadcrumb\":{\"@id\":\"https:\\\/\\\/biohairclinic.com\\\/it\\\/cappello-o-capello\\\/#breadcrumb\"},\"inLanguage\":\"it-IT\",\"potentialAction\":[{\"@type\":\"ReadAction\",\"target\":[\"https:\\\/\\\/biohairclinic.com\\\/it\\\/cappello-o-capello\\\/\"]}]},{\"@type\":\"ImageObject\",\"inLanguage\":\"it-IT\",\"@id\":\"https:\\\/\\\/biohairclinic.com\\\/it\\\/cappello-o-capello\\\/#primaryimage\",\"url\":\"https:\\\/\\\/biohairclinic.com\\\/it\\\/wp-content\\\/uploads\\\/sites\\\/3\\\/2019\\\/11\\\/Cappello-o-capello-laccessorio-causa-calvizie.jpg\",\"contentUrl\":\"https:\\\/\\\/biohairclinic.com\\\/it\\\/wp-content\\\/uploads\\\/sites\\\/3\\\/2019\\\/11\\\/Cappello-o-capello-laccessorio-causa-calvizie.jpg\",\"width\":838,\"height\":538,\"caption\":\"Cappello o capello- l'accessorio causa calvizie\"},{\"@type\":\"BreadcrumbList\",\"@id\":\"https:\\\/\\\/biohairclinic.com\\\/it\\\/cappello-o-capello\\\/#breadcrumb\",\"itemListElement\":[{\"@type\":\"ListItem\",\"position\":1,\"name\":\"Home\",\"item\":\"https:\\\/\\\/biohairclinic.com\\\/it\\\/\"},{\"@type\":\"ListItem\",\"position\":2,\"name\":\"Cappello o Capello?\"}]},{\"@type\":\"WebSite\",\"@id\":\"https:\\\/\\\/biohairclinic.com\\\/it\\\/#website\",\"url\":\"https:\\\/\\\/biohairclinic.com\\\/it\\\/\",\"name\":\"Trapianto Capelli Turchia Prezzi\",\"description\":\"BioHairClinic \u00a9\",\"potentialAction\":[{\"@type\":\"SearchAction\",\"target\":{\"@type\":\"EntryPoint\",\"urlTemplate\":\"https:\\\/\\\/biohairclinic.com\\\/it\\\/?s={search_term_string}\"},\"query-input\":{\"@type\":\"PropertyValueSpecification\",\"valueRequired\":true,\"valueName\":\"search_term_string\"}}],\"inLanguage\":\"it-IT\"},{\"@type\":\"Person\",\"@id\":\"\"},{\"@type\":\"ImageObject\",\"inLanguage\":\"it-IT\",\"@id\":\"https:\\\/\\\/biohairclinic.com\\\/it\\\/cappello-o-capello\\\/#local-main-organization-logo\",\"url\":\"\",\"contentUrl\":\"\",\"caption\":\"Trapianto Capelli Turchia Prezzi\"}]}<\/script>\n<meta name=\"geo.placename\" content=\"Roma\" \/>\n<meta name=\"geo.position\" content=\"41.9059342;12.4922504\" \/>\n<meta name=\"geo.region\" content=\"\u00c5land Islands\" \/>\n<!-- \/ Yoast SEO Premium plugin. -->","yoast_head_json":{"title":"Cappello o capello: portare il cappello causa la calvizie?","description":"Portare il cappello causa la calvizie? Mito o realt\u00e0? Bisogna scegliere tra capello o cappello, oppure i copricapo non causa problemi alla chioma? Leggi qui","robots":{"index":"index","follow":"follow","max-snippet":"max-snippet:-1","max-image-preview":"max-image-preview:large","max-video-preview":"max-video-preview:-1"},"canonical":"https:\/\/biohairclinic.com\/it\/cappello-o-capello\/","og_locale":"it_IT","og_type":"article","og_title":"Cappello o Capello?","og_description":"Portare il cappello causa la calvizie? Mito o realt\u00e0? Bisogna scegliere tra capello o cappello, oppure i copricapo non causa problemi alla chioma? Leggi qui","og_url":"https:\/\/biohairclinic.com\/it\/cappello-o-capello\/","og_site_name":"Trapianto Capelli Turchia Prezzi","article_published_time":"2019-11-06T16:49:44+00:00","article_modified_time":"2020-07-08T13:58:17+00:00","og_image":[{"width":838,"height":538,"url":"https:\/\/biohairclinic.com\/it\/wp-content\/uploads\/sites\/3\/2019\/11\/Cappello-o-capello-laccessorio-causa-calvizie.jpg","type":"image\/jpeg"}],"twitter_card":"summary_large_image","twitter_misc":{"Written by":"","Est. reading time":"6 minutes"},"schema":{"@context":"https:\/\/schema.org","@graph":[{"@type":"Article","@id":"https:\/\/biohairclinic.com\/it\/cappello-o-capello\/#article","isPartOf":{"@id":"https:\/\/biohairclinic.com\/it\/cappello-o-capello\/"},"author":{"name":"","@id":""},"headline":"Cappello o Capello?","datePublished":"2019-11-06T16:49:44+00:00","dateModified":"2020-07-08T13:58:17+00:00","mainEntityOfPage":{"@id":"https:\/\/biohairclinic.com\/it\/cappello-o-capello\/"},"wordCount":1152,"commentCount":0,"image":{"@id":"https:\/\/biohairclinic.com\/it\/cappello-o-capello\/#primaryimage"},"thumbnailUrl":"https:\/\/biohairclinic.com\/it\/wp-content\/uploads\/sites\/3\/2019\/11\/Cappello-o-capello-laccessorio-causa-calvizie.jpg","articleSection":["Caduta Capelli"],"inLanguage":"it-IT","potentialAction":[{"@type":"CommentAction","name":"Comment","target":["https:\/\/biohairclinic.com\/it\/cappello-o-capello\/#respond"]}]},{"@type":"WebPage","@id":"https:\/\/biohairclinic.com\/it\/cappello-o-capello\/","url":"https:\/\/biohairclinic.com\/it\/cappello-o-capello\/","name":"Cappello o capello: portare il cappello causa la calvizie?","isPartOf":{"@id":"https:\/\/biohairclinic.com\/it\/#website"},"primaryImageOfPage":{"@id":"https:\/\/biohairclinic.com\/it\/cappello-o-capello\/#primaryimage"},"image":{"@id":"https:\/\/biohairclinic.com\/it\/cappello-o-capello\/#primaryimage"},"thumbnailUrl":"https:\/\/biohairclinic.com\/it\/wp-content\/uploads\/sites\/3\/2019\/11\/Cappello-o-capello-laccessorio-causa-calvizie.jpg","datePublished":"2019-11-06T16:49:44+00:00","dateModified":"2020-07-08T13:58:17+00:00","author":{"@id":""},"description":"Portare il cappello causa la calvizie? Mito o realt\u00e0? Bisogna scegliere tra capello o cappello, oppure i copricapo non causa problemi alla chioma? Leggi qui","breadcrumb":{"@id":"https:\/\/biohairclinic.com\/it\/cappello-o-capello\/#breadcrumb"},"inLanguage":"it-IT","potentialAction":[{"@type":"ReadAction","target":["https:\/\/biohairclinic.com\/it\/cappello-o-capello\/"]}]},{"@type":"ImageObject","inLanguage":"it-IT","@id":"https:\/\/biohairclinic.com\/it\/cappello-o-capello\/#primaryimage","url":"https:\/\/biohairclinic.com\/it\/wp-content\/uploads\/sites\/3\/2019\/11\/Cappello-o-capello-laccessorio-causa-calvizie.jpg","contentUrl":"https:\/\/biohairclinic.com\/it\/wp-content\/uploads\/sites\/3\/2019\/11\/Cappello-o-capello-laccessorio-causa-calvizie.jpg","width":838,"height":538,"caption":"Cappello o capello- l'accessorio causa calvizie"},{"@type":"BreadcrumbList","@id":"https:\/\/biohairclinic.com\/it\/cappello-o-capello\/#breadcrumb","itemListElement":[{"@type":"ListItem","position":1,"name":"Home","item":"https:\/\/biohairclinic.com\/it\/"},{"@type":"ListItem","position":2,"name":"Cappello o Capello?"}]},{"@type":"WebSite","@id":"https:\/\/biohairclinic.com\/it\/#website","url":"https:\/\/biohairclinic.com\/it\/","name":"Trapianto Capelli Turchia Prezzi","description":"BioHairClinic \u00a9","potentialAction":[{"@type":"SearchAction","target":{"@type":"EntryPoint","urlTemplate":"https:\/\/biohairclinic.com\/it\/?s={search_term_string}"},"query-input":{"@type":"PropertyValueSpecification","valueRequired":true,"valueName":"search_term_string"}}],"inLanguage":"it-IT"},{"@type":"Person","@id":""},{"@type":"ImageObject","inLanguage":"it-IT","@id":"https:\/\/biohairclinic.com\/it\/cappello-o-capello\/#local-main-organization-logo","url":"","contentUrl":"","caption":"Trapianto Capelli Turchia Prezzi"}]},"geo.placename":"Roma","geo.position":{"lat":"41.9059342","long":"12.4922504"},"geo.region":"\u00c5land Islands"},"_links":{"self":[{"href":"https:\/\/biohairclinic.com\/it\/wp-json\/wp\/v2\/posts\/11949","targetHints":{"allow":["GET"]}}],"collection":[{"href":"https:\/\/biohairclinic.com\/it\/wp-json\/wp\/v2\/posts"}],"about":[{"href":"https:\/\/biohairclinic.com\/it\/wp-json\/wp\/v2\/types\/post"}],"author":[{"embeddable":true,"href":"https:\/\/biohairclinic.com\/it\/wp-json\/wp\/v2\/users\/13"}],"replies":[{"embeddable":true,"href":"https:\/\/biohairclinic.com\/it\/wp-json\/wp\/v2\/comments?post=11949"}],"version-history":[{"count":10,"href":"https:\/\/biohairclinic.com\/it\/wp-json\/wp\/v2\/posts\/11949\/revisions"}],"predecessor-version":[{"id":12815,"href":"https:\/\/biohairclinic.com\/it\/wp-json\/wp\/v2\/posts\/11949\/revisions\/12815"}],"wp:featuredmedia":[{"embeddable":true,"href":"https:\/\/biohairclinic.com\/it\/wp-json\/wp\/v2\/media\/11959"}],"wp:attachment":[{"href":"https:\/\/biohairclinic.com\/it\/wp-json\/wp\/v2\/media?parent=11949"}],"wp:term":[{"taxonomy":"category","embeddable":true,"href":"https:\/\/biohairclinic.com\/it\/wp-json\/wp\/v2\/categories?post=11949"},{"taxonomy":"post_tag","embeddable":true,"href":"https:\/\/biohairclinic.com\/it\/wp-json\/wp\/v2\/tags?post=11949"}],"curies":[{"name":"wp","href":"https:\/\/api.w.org\/{rel}","templated":true}]}}